{"id":1570,"date":"2025-05-23T16:31:54","date_gmt":"2025-05-23T08:31:54","guid":{"rendered":"https:\/\/motcrane.com\/?p=1570"},"modified":"2025-05-24T16:09:04","modified_gmt":"2025-05-24T08:09:04","slug":"fem-standard-jib-crane","status":"publish","type":"post","link":"https:\/\/motcrane.com\/fr\/fem-standard-jib-crane\/","title":{"rendered":"Grue \u00e0 fl\u00e8che standard FEM"},"content":{"rendered":"<p><span style=\"font-family: verdana, geneva, sans-serif;\"><span style=\"font-size: 14pt;\">La grue \u00e0 fl\u00e8che standard FEM est une grue \u00e0 fl\u00e8che europ\u00e9enne. Le m\u00e9canisme de levage adopte un palan \u00e9lectrique europ\u00e9en, le niveau de travail est M5 et le porte-\u00e0-faux est soud\u00e9 par la combinaison d'une poutre en I et d'un support. Avec une conception structurelle novatrice et un fonctionnement pratique, cet \u00e9quipement est un \u00e9quipement professionnel efficace et \u00e9conome en \u00e9nergie, adapt\u00e9 aux op\u00e9rations de levage de mat\u00e9riaux.<\/span><br \/>\n<\/span><\/p>\n<table style=\"border-collapse: collapse; width: 100%; height: 244px;\">\n<tbody>\n<tr style=\"height: 31px;\">\n<td style=\"width: 38.8272%; height: 31px;\"><span style=\"font-family: verdana, geneva, sans-serif;\">\u2666 Load Capacity\uff1a (Capacit\u00e9 de charge)<\/span><\/td>\n<td style=\"width: 50%; height: 31px;\"><span style=\"font-family: verdana, geneva, sans-serif;\">1t\u30012t\u30013t\u30015t\u300110t\u300116t<\/span><\/td>\n<\/tr>\n<tr style=\"height: 31px;\">\n<td style=\"width: 38.8272%; height: 31px;\"><span style=\"font-family: verdana, geneva, sans-serif;\">\u2666 Longueur du bras\uff1a<\/span><\/td>\n<td style=\"width: 50%; height: 31px;\"><span style=\"font-family: verdana, geneva, sans-serif;\">2m~15m<\/span><\/td>\n<\/tr>\n<tr style=\"height: 30px;\">\n<td style=\"width: 38.8272%; height: 30px;\"><span style=\"font-family: verdana, geneva, sans-serif;\">Hauteur de levage\uff1a<\/span><\/td>\n<td style=\"width: 50%; height: 30px;\"><span style=\"font-family: verdana, geneva, sans-serif;\">6m\u30019m\u300112m...<\/span><\/td>\n<\/tr>\n<tr style=\"height: 31px;\">\n<td style=\"width: 38.8272%; height: 31px;\"><span style=\"font-family: verdana, geneva, sans-serif;\">\u2666 Angle de rotation\uff1a<\/span><\/td>\n<td style=\"width: 50%; height: 31px;\"><span style=\"font-family: verdana, geneva, sans-serif;\">180\u00b0~360\u00b0<\/span><\/td>\n<\/tr>\n<tr style=\"height: 31px;\">\n<td style=\"width: 38.8272%; height: 31px;\"><span style=\"font-family: verdana, geneva, sans-serif;\">\u2666 Working Class\uff1a (classe ouvri\u00e8re)<\/span><\/td>\n<td style=\"width: 50%; height: 31px;\"><span style=\"font-family: verdana, geneva, sans-serif;\">A5<\/span><\/td>\n<\/tr>\n<tr style=\"height: 31px;\">\n<td style=\"width: 38.8272%; height: 31px;\"><span style=\"font-family: verdana, geneva, sans-serif;\">\u2666 Control mode\uff1a (Mode de contr\u00f4le)<\/span><\/td>\n<td style=\"width: 50%; height: 31px;\"><span style=\"font-family: verdana, geneva, sans-serif;\">T\u00e9l\u00e9commande sans fil \/ Commande au sol<\/span><\/td>\n<\/tr>\n<tr style=\"height: 30px;\">\n<td style=\"width: 38.8272%; height: 30px;\"><span style=\"font-family: verdana, geneva, sans-serif;\">\u2666 Classe de protection\uff1a<\/span><\/td>\n<td style=\"width: 50%; height: 30px;\"><span style=\"font-family: verdana, geneva, sans-serif;\">IP54\/IP55<\/span><\/td>\n<\/tr>\n<tr style=\"height: 30px;\">\n<td style=\"width: 38.8272%; height: 30px;\"><span style=\"font-family: verdana, geneva, sans-serif;\">\u2666 Power Source\uff1a (Source d'\u00e9nergie)<\/span><\/td>\n<td style=\"width: 50%; height: 30px;\"><span style=\"font-family: verdana, geneva, sans-serif;\">3P 380V 50HZ ou autres<\/span><\/td>\n<\/tr>\n<tr style=\"height: 30px;\">\n<td style=\"width: 38.8272%; height: 30px;\"><span style=\"font-family: verdana, geneva, sans-serif;\">\u2666 Temp\u00e9rature de travail\uff1a<\/span><\/td>\n<td style=\"width: 50%; height: 30px;\"><span style=\"font-family: verdana, geneva, sans-serif;\">-20\u2103 \u00e0 45\u2103 <\/span><\/td>\n<\/tr>\n<\/tbody>\n<\/table>","protected":false},"excerpt":{"rendered":"<p>FEM Standard jib crane, a European jib crane, the lifting mechanism adopts European electric hoist, the working level is M5, and its cantilever is welded by the combination of I-beam and bracket. With novel structural design and convenient operation, this equipment is an energy-saving and efficient professional equipment suitable for material lifting operations. \u2666\u00a0 Load&hellip; <a class=\"more-link\" href=\"https:\/\/motcrane.com\/fr\/fem-standard-jib-crane\/\">Poursuivre la lecture <span class=\"screen-reader-text\">Grue \u00e0 fl\u00e8che standard FEM<\/span><\/a><\/p>","protected":false},"author":1,"featured_media":1572,"comment_status":"open","ping_status":"open","sticky":false,"template":"","format":"standard","meta":{"_acf_changed":false,"footnotes":""},"categories":[44],"tags":[],"class_list":["post-1570","post","type-post","status-publish","format-standard","has-post-thumbnail","hentry","category-jib-crane","entry"],"acf":[],"_links":{"self":[{"href":"https:\/\/motcrane.com\/fr\/wp-json\/wp\/v2\/posts\/1570","targetHints":{"allow":["GET"]}}],"collection":[{"href":"https:\/\/motcrane.com\/fr\/wp-json\/wp\/v2\/posts"}],"about":[{"href":"https:\/\/motcrane.com\/fr\/wp-json\/wp\/v2\/types\/post"}],"author":[{"embeddable":true,"href":"https:\/\/motcrane.com\/fr\/wp-json\/wp\/v2\/users\/1"}],"replies":[{"embeddable":true,"href":"https:\/\/motcrane.com\/fr\/wp-json\/wp\/v2\/comments?post=1570"}],"version-history":[{"count":8,"href":"https:\/\/motcrane.com\/fr\/wp-json\/wp\/v2\/posts\/1570\/revisions"}],"predecessor-version":[{"id":1589,"href":"https:\/\/motcrane.com\/fr\/wp-json\/wp\/v2\/posts\/1570\/revisions\/1589"}],"wp:featuredmedia":[{"embeddable":true,"href":"https:\/\/motcrane.com\/fr\/wp-json\/wp\/v2\/media\/1572"}],"wp:attachment":[{"href":"https:\/\/motcrane.com\/fr\/wp-json\/wp\/v2\/media?parent=1570"}],"wp:term":[{"taxonomy":"category","embeddable":true,"href":"https:\/\/motcrane.com\/fr\/wp-json\/wp\/v2\/categories?post=1570"},{"taxonomy":"post_tag","embeddable":true,"href":"https:\/\/motcrane.com\/fr\/wp-json\/wp\/v2\/tags?post=1570"}],"curies":[{"name":"wp","href":"https:\/\/api.w.org\/{rel}","templated":true}]}}